{"id":159,"date":"2010-05-24T15:04:02","date_gmt":"2010-05-24T14:04:02","guid":{"rendered":"http:\/\/www.aberth.com\/blog\/news-from-the-center-for-digital-storytelling.html"},"modified":"2010-05-24T15:04:02","modified_gmt":"2010-05-24T14:04:02","slug":"news-from-the-center-for-digital-storytelling","status":"publish","type":"post","link":"http:\/\/www.aberth.com\/digitalstorytelling\/news-from-the-center-for-digital-storytelling\/","title":{"rendered":"News from the Center for Digital Storytelling"},"content":{"rendered":"<p>Joe Lambert of CDS just emailed some news that will be of interest to digital storytellers in the UK, Europe and beyond:<\/p>\n<p>1. Joe&#8217;s giving the keynote at DS5 &#8211; the fifth Digital Storytelling Conference &#8211; in Aberystwyth, Wales, on Wednesday 16 June 2010. The cost is GBP15. <a href=\"http:\/\/www.dscymru.org.uk\">http:\/\/www.dscymru.org.uk<\/a>\/<\/p>\n<p>2 There&#8217;s a CDS Digital Storytelling workshop from the afternoon 17- 19 June 2010 at the Knowledge Lab, London:\u00a0 <a href=\"http:\/\/www.lkl.ac.uk\/cms\/index.php\">http:\/\/www.lkl.ac.uk\/cms\/index.php<\/a>. The workshop is open to the public and you can find out more about it and register at <a href=\"http:\/\/www.storycenter.org\/standard.html#london\">http:\/\/www.storycenter.org\/standard.html#london<\/a> The cost is $495.<\/p>\n<p>3. Lillehmammer Digital Storytelling Conference takes place in Norway from February 5th \u2013 7th 201. It&#8217;s the conference&#8217;s fourth year and this year&#8217;s title is &#8220;Create \u2013 Share \u2013 Listen&#8221;. Apart from Joe Lambert and colleagues from CDS, speakers include Glynda Hull, UC Berkeley;\u00a0 Bjarke Myrthu; Storyplanet, Knut Lundby; Mediatized stories, Simon Str\u00f6mberg; &#8220;Rum f\u00f6r ber\u00e4ttande&#8221; and John Hartley; editor of the book &#8216;Story Circle&#8217;. Conference website: <a href=\"http:\/\/lillehammer2011.no\">http:\/\/lillehammer2011.no<\/a> has the program outline, themes and call for contributions. Registration details will be announced nearer the time.<\/p>\n","protected":false},"excerpt":{"rendered":"<p>Joe Lambert of CDS just emailed some news that will be of interest to digital storytellers in the UK, Europe and beyond: 1. Joe&#8217;s giving the keynote at DS5 &#8211; the fifth Digital Storytelling Conference &#8211; in Aberystwyth, Wales, on Wednesday 16 June 2010. The cost is GBP15. http:\/\/www.dscymru.org.uk\/ 2 There&#8217;s a CDS Digital Storytelling workshop from the afternoon 17- 19 June 2010 at the Knowledge Lab, London:\u00a0 http:\/\/www.lkl.ac.uk\/cms\/index.php. The workshop is open to the public and you can find out more about it and register at http:\/\/www.storycenter.org\/standard.html#london The cost is $495. 3. Lillehmammer Digital Storytelling Conference takes place in Norway from February 5th \u2013 7th 201. It&#8217;s the conference&#8217;s fourth year and this year&#8217;s title is &#8220;Create \u2013 Share \u2013 Listen&#8221;. Apart from Joe Lambert and colleagues from CDS, speakers include Glynda Hull, UC Berkeley;\u00a0 Bjarke Myrthu; Storyplanet, Knut Lundby; Mediatized stories, Simon Str\u00f6mberg; &#8220;Rum f\u00f6r ber\u00e4ttande&#8221; and John Hartley; editor of the book &#8216;Story Circle&#8217;. Conference website: http:\/\/lillehammer2011.no has the program outline, themes and call for contributions. Registration details will be announced nearer the time.<\/p>\n","protected":false},"author":1,"featured_media":0,"comment_status":"open","ping_status":"open","sticky":false,"template":"","format":"standard","meta":{"spay_email":"","jetpack_publicize_message":"","jetpack_is_tweetstorm":false,"jetpack_publicize_feature_enabled":true},"categories":[8,10,26],"tags":[],"yoast_head":"<!-- This site is optimized with the Yoast SEO plugin v18.4.1 - https:\/\/yoast.com\/wordpress\/plugins\/seo\/ -->\n<title>News from the Center for Digital Storytelling - Aberth Digital Storytelling<\/title>\n<meta name=\"robots\" content=\"index, follow, max-snippet:-1, max-image-preview:large, max-video-preview:-1\" \/>\n<link rel=\"canonical\" href=\"https:\/\/www.aberth.com\/digitalstorytelling\/news-from-the-center-for-digital-storytelling\/\" \/>\n<meta property=\"og:locale\" content=\"en_US\" \/>\n<meta property=\"og:type\" content=\"article\" \/>\n<meta property=\"og:title\" content=\"News from the Center for Digital Storytelling - Aberth Digital Storytelling\" \/>\n<meta property=\"og:description\" content=\"Joe Lambert of CDS just emailed some news that will be of interest to digital storytellers in the UK, Europe and beyond: 1. Joe&#8217;s giving the keynote at DS5 &#8211; the fifth Digital Storytelling Conference &#8211; in Aberystwyth, Wales, on Wednesday 16 June 2010. The cost is GBP15. http:\/\/www.dscymru.org.uk\/ 2 There&#8217;s a CDS Digital Storytelling workshop from the afternoon 17- 19 June 2010 at the Knowledge Lab, London:\u00a0 http:\/\/www.lkl.ac.uk\/cms\/index.php. The workshop is open to the public and you can find out more about it and register at http:\/\/www.storycenter.org\/standard.html#london The cost is $495. 3. Lillehmammer Digital Storytelling Conference takes place in Norway from February 5th \u2013 7th 201. It&#8217;s the conference&#8217;s fourth year and this year&#8217;s title is &#8220;Create \u2013 Share \u2013 Listen&#8221;. Apart from Joe Lambert and colleagues from CDS, speakers include Glynda Hull, UC Berkeley;\u00a0 Bjarke Myrthu; Storyplanet, Knut Lundby; Mediatized stories, Simon Str\u00f6mberg; &#8220;Rum f\u00f6r ber\u00e4ttande&#8221; and John Hartley; editor of the book &#8216;Story Circle&#8217;. Conference website: http:\/\/lillehammer2011.no has the program outline, themes and call for contributions. Registration details will be announced nearer the time.\" \/>\n<meta property=\"og:url\" content=\"https:\/\/www.aberth.com\/digitalstorytelling\/news-from-the-center-for-digital-storytelling\/\" \/>\n<meta property=\"og:site_name\" content=\"Aberth Digital Storytelling\" \/>\n<meta property=\"article:published_time\" content=\"2010-05-24T14:04:02+00:00\" \/>\n<meta name=\"twitter:card\" content=\"summary\" \/>\n<meta name=\"twitter:label1\" content=\"Written by\" \/>\n\t<meta name=\"twitter:data1\" content=\"melyn\" \/>\n\t<meta name=\"twitter:label2\" content=\"Est. reading time\" \/>\n\t<meta name=\"twitter:data2\" content=\"1 minute\" \/>\n<script type=\"application\/ld+json\" class=\"yoast-schema-graph\">{\"@context\":\"https:\/\/schema.org\",\"@graph\":[{\"@type\":\"WebSite\",\"@id\":\"https:\/\/www.aberth.com\/digitalstorytelling\/#website\",\"url\":\"https:\/\/www.aberth.com\/digitalstorytelling\/\",\"name\":\"Aberth Digital Storytelling\",\"description\":\"\",\"potentialAction\":[{\"@type\":\"SearchAction\",\"target\":{\"@type\":\"EntryPoint\",\"urlTemplate\":\"https:\/\/www.aberth.com\/digitalstorytelling\/?s={search_term_string}\"},\"query-input\":\"required name=search_term_string\"}],\"inLanguage\":\"en-US\"},{\"@type\":\"WebPage\",\"@id\":\"https:\/\/www.aberth.com\/digitalstorytelling\/news-from-the-center-for-digital-storytelling\/#webpage\",\"url\":\"https:\/\/www.aberth.com\/digitalstorytelling\/news-from-the-center-for-digital-storytelling\/\",\"name\":\"News from the Center for Digital Storytelling - Aberth Digital Storytelling\",\"isPartOf\":{\"@id\":\"https:\/\/www.aberth.com\/digitalstorytelling\/#website\"},\"datePublished\":\"2010-05-24T14:04:02+00:00\",\"dateModified\":\"2010-05-24T14:04:02+00:00\",\"author\":{\"@id\":\"https:\/\/www.aberth.com\/digitalstorytelling\/#\/schema\/person\/052ce1ffb8d82c3a588d79a3b9e80b7e\"},\"breadcrumb\":{\"@id\":\"https:\/\/www.aberth.com\/digitalstorytelling\/news-from-the-center-for-digital-storytelling\/#breadcrumb\"},\"inLanguage\":\"en-US\",\"potentialAction\":[{\"@type\":\"ReadAction\",\"target\":[\"https:\/\/www.aberth.com\/digitalstorytelling\/news-from-the-center-for-digital-storytelling\/\"]}]},{\"@type\":\"BreadcrumbList\",\"@id\":\"https:\/\/www.aberth.com\/digitalstorytelling\/news-from-the-center-for-digital-storytelling\/#breadcrumb\",\"itemListElement\":[{\"@type\":\"ListItem\",\"position\":1,\"name\":\"Home\",\"item\":\"https:\/\/www.aberth.com\/digitalstorytelling\/\"},{\"@type\":\"ListItem\",\"position\":2,\"name\":\"News from the Center for Digital Storytelling\"}]},{\"@type\":\"Person\",\"@id\":\"https:\/\/www.aberth.com\/digitalstorytelling\/#\/schema\/person\/052ce1ffb8d82c3a588d79a3b9e80b7e\",\"name\":\"melyn\",\"image\":{\"@type\":\"ImageObject\",\"@id\":\"https:\/\/www.aberth.com\/digitalstorytelling\/#personlogo\",\"inLanguage\":\"en-US\",\"url\":\"http:\/\/1.gravatar.com\/avatar\/aab291c1a5e95ed98dafe92ceaef8653?s=96&d=mm&r=g\",\"contentUrl\":\"http:\/\/1.gravatar.com\/avatar\/aab291c1a5e95ed98dafe92ceaef8653?s=96&d=mm&r=g\",\"caption\":\"melyn\"},\"url\":\"http:\/\/www.aberth.com\/digitalstorytelling\/author\/melyn\/\"}]}<\/script>\n<!-- \/ Yoast SEO plugin. -->","yoast_head_json":{"title":"News from the Center for Digital Storytelling - Aberth Digital Storytelling","robots":{"index":"index","follow":"follow","max-snippet":"max-snippet:-1","max-image-preview":"max-image-preview:large","max-video-preview":"max-video-preview:-1"},"canonical":"https:\/\/www.aberth.com\/digitalstorytelling\/news-from-the-center-for-digital-storytelling\/","og_locale":"en_US","og_type":"article","og_title":"News from the Center for Digital Storytelling - Aberth Digital Storytelling","og_description":"Joe Lambert of CDS just emailed some news that will be of interest to digital storytellers in the UK, Europe and beyond: 1. Joe&#8217;s giving the keynote at DS5 &#8211; the fifth Digital Storytelling Conference &#8211; in Aberystwyth, Wales, on Wednesday 16 June 2010. The cost is GBP15. http:\/\/www.dscymru.org.uk\/ 2 There&#8217;s a CDS Digital Storytelling workshop from the afternoon 17- 19 June 2010 at the Knowledge Lab, London:\u00a0 http:\/\/www.lkl.ac.uk\/cms\/index.php. The workshop is open to the public and you can find out more about it and register at http:\/\/www.storycenter.org\/standard.html#london The cost is $495. 3. Lillehmammer Digital Storytelling Conference takes place in Norway from February 5th \u2013 7th 201. It&#8217;s the conference&#8217;s fourth year and this year&#8217;s title is &#8220;Create \u2013 Share \u2013 Listen&#8221;. Apart from Joe Lambert and colleagues from CDS, speakers include Glynda Hull, UC Berkeley;\u00a0 Bjarke Myrthu; Storyplanet, Knut Lundby; Mediatized stories, Simon Str\u00f6mberg; &#8220;Rum f\u00f6r ber\u00e4ttande&#8221; and John Hartley; editor of the book &#8216;Story Circle&#8217;. Conference website: http:\/\/lillehammer2011.no has the program outline, themes and call for contributions. Registration details will be announced nearer the time.","og_url":"https:\/\/www.aberth.com\/digitalstorytelling\/news-from-the-center-for-digital-storytelling\/","og_site_name":"Aberth Digital Storytelling","article_published_time":"2010-05-24T14:04:02+00:00","twitter_card":"summary","twitter_misc":{"Written by":"melyn","Est. reading time":"1 minute"},"schema":{"@context":"https:\/\/schema.org","@graph":[{"@type":"WebSite","@id":"https:\/\/www.aberth.com\/digitalstorytelling\/#website","url":"https:\/\/www.aberth.com\/digitalstorytelling\/","name":"Aberth Digital Storytelling","description":"","potentialAction":[{"@type":"SearchAction","target":{"@type":"EntryPoint","urlTemplate":"https:\/\/www.aberth.com\/digitalstorytelling\/?s={search_term_string}"},"query-input":"required name=search_term_string"}],"inLanguage":"en-US"},{"@type":"WebPage","@id":"https:\/\/www.aberth.com\/digitalstorytelling\/news-from-the-center-for-digital-storytelling\/#webpage","url":"https:\/\/www.aberth.com\/digitalstorytelling\/news-from-the-center-for-digital-storytelling\/","name":"News from the Center for Digital Storytelling - Aberth Digital Storytelling","isPartOf":{"@id":"https:\/\/www.aberth.com\/digitalstorytelling\/#website"},"datePublished":"2010-05-24T14:04:02+00:00","dateModified":"2010-05-24T14:04:02+00:00","author":{"@id":"https:\/\/www.aberth.com\/digitalstorytelling\/#\/schema\/person\/052ce1ffb8d82c3a588d79a3b9e80b7e"},"breadcrumb":{"@id":"https:\/\/www.aberth.com\/digitalstorytelling\/news-from-the-center-for-digital-storytelling\/#breadcrumb"},"inLanguage":"en-US","potentialAction":[{"@type":"ReadAction","target":["https:\/\/www.aberth.com\/digitalstorytelling\/news-from-the-center-for-digital-storytelling\/"]}]},{"@type":"BreadcrumbList","@id":"https:\/\/www.aberth.com\/digitalstorytelling\/news-from-the-center-for-digital-storytelling\/#breadcrumb","itemListElement":[{"@type":"ListItem","position":1,"name":"Home","item":"https:\/\/www.aberth.com\/digitalstorytelling\/"},{"@type":"ListItem","position":2,"name":"News from the Center for Digital Storytelling"}]},{"@type":"Person","@id":"https:\/\/www.aberth.com\/digitalstorytelling\/#\/schema\/person\/052ce1ffb8d82c3a588d79a3b9e80b7e","name":"melyn","image":{"@type":"ImageObject","@id":"https:\/\/www.aberth.com\/digitalstorytelling\/#personlogo","inLanguage":"en-US","url":"http:\/\/1.gravatar.com\/avatar\/aab291c1a5e95ed98dafe92ceaef8653?s=96&d=mm&r=g","contentUrl":"http:\/\/1.gravatar.com\/avatar\/aab291c1a5e95ed98dafe92ceaef8653?s=96&d=mm&r=g","caption":"melyn"},"url":"http:\/\/www.aberth.com\/digitalstorytelling\/author\/melyn\/"}]}},"jetpack_featured_media_url":"","jetpack_publicize_connections":[],"jetpack_sharing_enabled":true,"jetpack_shortlink":"https:\/\/wp.me\/p1hoYu-2z","jetpack-related-posts":[{"id":561,"url":"http:\/\/www.aberth.com\/digitalstorytelling\/center-for-digital-storytellings-joe-lambert-teaching-iphone-storytelling-in-london-2-4-june\/","url_meta":{"origin":159,"position":0},"title":"Center for Digital Storytelling&#8217;s Joe Lambert teaching iPhone storytelling in London 2-4 June","date":"May 16, 2012","format":false,"excerpt":"Joe Lambert, CDS Founder and Director, is coming to Cardiff to DS7 on 7 June 2012. While he's in the UK he's leading an iPhone workshop in London on June 2-4. Here's the info from CDS: \"Join CDS Founder and Director Joe Lambert on a weekend walk through the old\u2026","rel":"","context":"In &quot;digital storytelling&quot;","img":{"alt_text":"Joe Lambert speaking at DS5","src":"https:\/\/i2.wp.com\/www.aberth.com\/blog\/images\/ds5\/joe.jpg?resize=350%2C200","width":350,"height":200},"classes":[]},{"id":1198,"url":"http:\/\/www.aberth.com\/digitalstorytelling\/digital-storytelling-innovations-my-storytelling-for-a-just-future-presentation\/","url_meta":{"origin":159,"position":1},"title":"Digital Storytelling Innovations for my Storytelling for a &#8216;Just&#8217; Future presentation","date":"June 21, 2021","format":false,"excerpt":"I've been invited to give a presentation about digital storytelling innovations at the Storytelling for a 'Just' Future conference this week. The DST Conference Committee is hosting this conference as an online 24-hour Digital Storytelling \u2018marathon\u2019 on the 21st and 22nd of June 2021. There should be some great creative\u2026","rel":"","context":"In &quot;citizenship&quot;","img":{"alt_text":"","src":"https:\/\/i1.wp.com\/www.aberth.com\/digitalstorytelling\/wp-content\/uploads\/2021\/06\/900-20070314capture.jpg?resize=350%2C200","width":350,"height":200},"classes":[]},{"id":164,"url":"http:\/\/www.aberth.com\/digitalstorytelling\/ds5-digital-storytelling-conference-cribsheet-2010\/","url_meta":{"origin":159,"position":2},"title":"DS5 digital storytelling conference cribsheet 2010","date":"June 19, 2010","format":false,"excerpt":"This is my look back at DS5. It's something I did after previous conferences DS4 (2009), DS3 (2008) and DS2 (2007) too.\u00a0 Unfortunately, the record of DS1 is no longer online. At this year's DS5, Diego Vidart - Historias Digitales del Uruguay (HDUY) - gave the opening speech of the\u2026","rel":"","context":"In &quot;digital storytelling&quot;","img":{"alt_text":"Diego Vidart","src":"https:\/\/i2.wp.com\/www.aberth.com\/blog\/images\/ds5\/diego.jpg?resize=350%2C200","width":350,"height":200},"classes":[]},{"id":258,"url":"http:\/\/www.aberth.com\/digitalstorytelling\/ds6-digital-storytelling-conference-advance-notice-of-date-and-call-for-speakers\/","url_meta":{"origin":159,"position":3},"title":"DS6 digital storytelling conference advance notice of date and call for speakers","date":"February 1, 2011","format":false,"excerpt":"DS Cymru has announced on its blog that the \"DS6 International Digital Storytelling Festival will take place on Friday 17th June 2011 at Aberystwyth Arts Centre, Wales\". DS Cymru's Esko Reinikainen is calling for \"suggestions for our speaker and breakout sessions long list\". Deadline for submissions is Monday 14th February\u2026","rel":"","context":"In &quot;digital storytelling&quot;","img":{"alt_text":"","src":"","width":0,"height":0},"classes":[]},{"id":102,"url":"http:\/\/www.aberth.com\/digitalstorytelling\/portugal-international-conference-on-digital-storytelling\/","url_meta":{"origin":159,"position":4},"title":"Portugal: International Conference on Digital Storytelling","date":"March 12, 2009","format":false,"excerpt":"Joe Lambert of the Center for Digital Storytelling has written with advance notice of a one-day International Conference on Digital Storytelling in Obidos, Portugal on Saturday, June 27. Details will be announced soon on storycenter.org","rel":"","context":"In &quot;digital storytelling&quot;","img":{"alt_text":"","src":"","width":0,"height":0},"classes":[]},{"id":689,"url":"http:\/\/www.aberth.com\/digitalstorytelling\/call-for-speakers-ds8-digitalstorytelling-festival-in-wales\/","url_meta":{"origin":159,"position":5},"title":"Call for Speakers: DS8 #digitalstorytelling festival in Wales","date":"January 24, 2013","format":false,"excerpt":"There's a call for papers and speakers at DS8 - the 8th Annual Digital Storytelling Festival in Wales - from organisers the George Ewart Evans Centre for Storytelling, which is part of University of Glamorgan's Cardiff School of Creative & Cultural Industries. Following on from the success of DS7 last\u2026","rel":"","context":"In &quot;conference&quot;","img":{"alt_text":"","src":"https:\/\/i1.wp.com\/www.aberth.com\/blog\/wp-content\/uploads\/RIMG0043-anniecorreal-300x210.jpg?resize=350%2C200","width":350,"height":200},"classes":[]}],"jetpack_likes_enabled":true,"_links":{"self":[{"href":"http:\/\/www.aberth.com\/digitalstorytelling\/wp-json\/wp\/v2\/posts\/159"}],"collection":[{"href":"http:\/\/www.aberth.com\/digitalstorytelling\/wp-json\/wp\/v2\/posts"}],"about":[{"href":"http:\/\/www.aberth.com\/digitalstorytelling\/wp-json\/wp\/v2\/types\/post"}],"author":[{"embeddable":true,"href":"http:\/\/www.aberth.com\/digitalstorytelling\/wp-json\/wp\/v2\/users\/1"}],"replies":[{"embeddable":true,"href":"http:\/\/www.aberth.com\/digitalstorytelling\/wp-json\/wp\/v2\/comments?post=159"}],"version-history":[{"count":0,"href":"http:\/\/www.aberth.com\/digitalstorytelling\/wp-json\/wp\/v2\/posts\/159\/revisions"}],"wp:attachment":[{"href":"http:\/\/www.aberth.com\/digitalstorytelling\/wp-json\/wp\/v2\/media?parent=159"}],"wp:term":[{"taxonomy":"category","embeddable":true,"href":"http:\/\/www.aberth.com\/digitalstorytelling\/wp-json\/wp\/v2\/categories?post=159"},{"taxonomy":"post_tag","embeddable":true,"href":"http:\/\/www.aberth.com\/digitalstorytelling\/wp-json\/wp\/v2\/tags?post=159"}],"curies":[{"name":"wp","href":"https:\/\/api.w.org\/{rel}","templated":true}]}}